{"id":11985,"date":"2026-09-05T15:37:52","date_gmt":"2026-09-05T13:37:52","guid":{"rendered":"https:\/\/simon.blog\/de\/?p=11985"},"modified":"2026-09-05T17:09:18","modified_gmt":"2026-09-05T15:09:18","slug":"wordpress-autoren%c2%b2","status":"publish","type":"post","link":"https:\/\/simon.blog\/de\/2026\/wordpress-autoren%c2%b2\/","title":{"rendered":"WordPress-Autoren\u00b2"},"content":{"rendered":"\n<p class=\"wp-block-paragraph\">Dieser Tage erscheint unser zweites Buch im <em>Rheinwerk Verlag<\/em>. Im \u00fcberarbeiteten und deutlich aktualisierten \u201eWordPress 7 \u2013 Das umfassende Handbuch\u201c widmen\u00a0<a href=\"https:\/\/florianbrinkmann.com\/\">Flo Brinkmann<\/a>\u00a0und ich uns, wie auch schon in <a href=\"https:\/\/simon.blog\/de\/2025\/900-seiten-von-wordpress\/\">der Vorauflage aus dem vergangenen Jahr<\/a>, einer umfassenden Einf\u00fchrung in das verbreitete Content-Management-System.<\/p>\n\n\n\n<h2 class=\"wp-block-heading\">Mehr Themen, aber auch mehr Fokus<\/h2>\n\n\n\n<p class=\"wp-block-paragraph\">\u00dcber die letzten 8 Monate haben wir den Inhalt der Vorauflage nicht nur deutlich \u00fcberarbeitet und stellenweise verschlankt. Wir haben auch einige komplett neue Themen hinzugef\u00fcgt und einen weiteren Gastautor mit an Bord geholt.\u00a0<\/p>\n\n\n\n<p class=\"wp-block-paragraph\">So gibt es jetzt ein neues Kapitel zur Integration von \u201eKI\u201c in WordPress. Ein Thema, das ich selbst mehr als kritisch sehe, das in der Breite im Moment aber zweifelsfrei auf viel Interesse st\u00f6\u00dft und in dem WordPress aktuell seine ersten zaghaften Schritte versucht. Hier auf eine Art zu schreiben, die nicht mit der Ver\u00f6ffentlichung schon veraltet ist, war besonders herausfordernd.<\/p>\n\n\n\n<p class=\"wp-block-paragraph\">Ein weiteres komplett neues Kapitel widmet sich dem FAIR\u2011Projekt. Das ist in den vergangenen Monaten etwas in den Hintergrund ger\u00fcckt, ist aber auch weiterhin eine valide Option f\u00fcr alle, die ihre WordPress-Websites nicht nur DSGVO\u2011konform, sondern auch unabh\u00e4ngiger von zentraler Infrastruktur betreiben wollen.<\/p>\n\n\n\n<p class=\"wp-block-paragraph\">F\u00fcr das dritte neue Kapitel zum wichtigen Thema der Barrierefreiheit konnten wir <a href=\"https:\/\/kittsteiner.blog\/\">Matze Kittsteiner<\/a>\u00a0gewinnen. Barrierefreiheit ist beim besten Willen kein neues Thema. In der Vorauflage fehlte uns aber schlicht die Zeit, ihm mehr Raum zu geben. Nachdem wir Matzes Aufschlag dazu gelesen haben, m\u00f6chte ich diesen Umstand fast einen Gl\u00fccksfall nennen. Wir h\u00e4tten es in so einer profunden Tiefe nicht selbst behandeln k\u00f6nnen.<\/p>\n\n\n\n<p class=\"wp-block-paragraph\">Und nat\u00fcrlich ist auch&nbsp;<a href=\"https:\/\/notiz.blog\/\">Matthias Pfefferle<\/a>&nbsp;zur\u00fcck und hat sein Kapitel zum IndieWeb auf den neuesten Stand gebracht.<\/p>\n\n\n\n<h2 class=\"wp-block-heading\">Starke Partner<\/h2>\n\n\n\n<p class=\"wp-block-paragraph\">Nicht nur Matze und Matthias haben diese neue Auflage m\u00f6glich gemacht. Besonders auch der&nbsp;<em>Rheinwerk Verlag<\/em>&nbsp;war wieder einmal ein starker Partner. Zum einen haben wir uns schon gefreut, f\u00fcr eine neue Auflage angefragt zu werden. Zum anderen hatten wir mit Felix J\u00fcstel einen neuen Lektor an unserer Seite, den weder unsere wilden Fragen, noch der viel wildere Release-Plan um WordPress 7.0 aus der Ruhe bringen konnten. Vielen Dank!<\/p>\n\n\n\n<h2 class=\"wp-block-heading\">Wir machen die Fehler noch selbst<\/h2>\n\n\n\n<p class=\"wp-block-paragraph\">Egal ob hier im Blog, im&nbsp;<a href=\"https:\/\/wpletter.de\/\">WP Letter<\/a>, bei&nbsp;<a href=\"https:\/\/krautpress.de\/\">KrautPress<\/a>&nbsp;oder wo auch immer sonst ich Inhalte ver\u00f6ffentliche \u2013 \u00fcberall lege ich Wert darauf, meine Inhalte tats\u00e4chlich selbst zu schreiben. Das Ergebnis ist selten perfekt, auch wenn ich mich bem\u00fche. Ganz \u00e4hnlich verh\u00e4lt es sich mit unserem Buch. In einer Zeit, in der \u201eKI\u201c immer mehr Content produziert, f\u00fchlt man sich fast schon etwas als Exot, wenn man sich ein halbes Jahr lang damit besch\u00e4ftigt, Text mit den eigenen Fingern in eine Tastatur zu pr\u00fcgeln. Aber genau das haben wir getan.&nbsp;<\/p>\n\n\n\n<h2 class=\"wp-block-heading\">W\u00e4hlen Sie jetzt die Nummer neben Ihrer Landesflagge<\/h2>\n\n\n\n<p class=\"wp-block-paragraph\">Ich schreibe das hier nicht wirklich, um Werbung f\u00fcr das Buch zu machen. Aber wer jetzt Lust bekommen hat, mal reinzulesen: \u201eWordPress 7 \u2013 Das umfassende Handbuch\u201c kann&nbsp;<a href=\"https:\/\/www.rheinwerk-verlag.de\/wordpress-das-umfassende-handbuch\/\">direkt \u00fcber die Website des <em>Rheinwerk Verlags<\/em> gekauft werden<\/a>. Und nat\u00fcrlich in jeder gut sortierten Buchhandlung.<\/p>\n","protected":false},"excerpt":{"rendered":"<p>Dieser Tage erscheint unser zweites Buch im Rheinwerk Verlag. Im \u00fcberarbeiteten und deutlich aktualisierten \u201eWordPress 7 \u2013 Das umfassende Handbuch\u201c widmen\u00a0Flo Brinkmann\u00a0und ich uns, wie auch schon in der Vorauflage aus dem vergangenen Jahr, einer&hellip;<\/p>\n","protected":false},"author":1,"featured_media":0,"comment_status":"open","ping_status":"open","sticky":false,"template":"","format":"standard","meta":{"wpf_show_in_dewp_planet_feed":true,"webmentions_disabled_pings":false,"webmentions_disabled":false,"footnotes":"","_image_socialiser_subtitle":"WordPress-Autor\u00b2","_image_socialiser_title":"WordPress 7 \u2013 Das Umfassende Handbuch","_image_socialiser_override_id":0},"categories":[1],"tags":[245],"class_list":["post-11985","post","type-post","status-publish","format-standard","hentry","category-blog","tag-wordpress"],"_links":{"self":[{"href":"https:\/\/simon.blog\/de\/wp-json\/wp\/v2\/posts\/11985","targetHints":{"allow":["GET"]}}],"collection":[{"href":"https:\/\/simon.blog\/de\/wp-json\/wp\/v2\/posts"}],"about":[{"href":"https:\/\/simon.blog\/de\/wp-json\/wp\/v2\/types\/post"}],"author":[{"embeddable":true,"href":"https:\/\/simon.blog\/de\/wp-json\/wp\/v2\/users\/1"}],"replies":[{"embeddable":true,"href":"https:\/\/simon.blog\/de\/wp-json\/wp\/v2\/comments?post=11985"}],"version-history":[{"count":7,"href":"https:\/\/simon.blog\/de\/wp-json\/wp\/v2\/posts\/11985\/revisions"}],"predecessor-version":[{"id":11997,"href":"https:\/\/simon.blog\/de\/wp-json\/wp\/v2\/posts\/11985\/revisions\/11997"}],"wp:attachment":[{"href":"https:\/\/simon.blog\/de\/wp-json\/wp\/v2\/media?parent=11985"}],"wp:term":[{"taxonomy":"category","embeddable":true,"href":"https:\/\/simon.blog\/de\/wp-json\/wp\/v2\/categories?post=11985"},{"taxonomy":"post_tag","embeddable":true,"href":"https:\/\/simon.blog\/de\/wp-json\/wp\/v2\/tags?post=11985"}],"curies":[{"name":"wp","href":"https:\/\/api.w.org\/{rel}","templated":true}]}}