{"id":6294,"date":"2025-02-19T08:28:12","date_gmt":"2025-02-19T07:28:12","guid":{"rendered":"https:\/\/simon.blog\/de\/?p=6294"},"modified":"2025-02-24T08:27:18","modified_gmt":"2025-02-24T07:27:18","slug":"gedanken-zu-krautpress","status":"publish","type":"post","link":"https:\/\/simon.blog\/de\/2025\/gedanken-zu-krautpress\/","title":{"rendered":"Gedanken zu KrautPress"},"content":{"rendered":"\n<p>Seit einiger Zeit denke ich dar\u00fcber nach, wie KrautPress sich ein wenig weiterentwickeln kann. Im Jahr 2016 habe ich ein eigenwilliges WordPress-Magazin namens <em>KrautPress<\/em> gestartet. Im Laufe der Jahre haben viele Menschen aus der Community daran mitgewirkt. Einige schrieben nur ein oder zwei Beitr\u00e4ge, andere waren super produktiv und produzierten hochwertige Inhalte am laufenden Band. \u00dcber jeden einzelnen dieser Beitr\u00e4ge habe ich mich tierisch gefreut.<\/p>\n\n\n\n<!--more-->\n\n\n\n<p>Allerdings hatte ich von Anfang an Schwierigkeiten, selbst regelm\u00e4\u00dfig Inhalte f\u00fcr das Blog zu schreiben. Im letzten Jahr habe ich dann die Domain &#8222;<a href=\"https:\/\/kraut.press\/\" data-type=\"link\" data-id=\"https:\/\/kraut.press\/\">kraut.press<\/a>&#8220; gekauft und damit eine englische Version der Seite gestartet. Recht unerwartet hat mich das nicht nur zum Nachdenken \u00fcber die Bedeutung unabh\u00e4ngiger Medien in der WordPress-Community gebracht, sondern mich auch motiviert Inhalte f\u00fcr eben diese Community zu produzieren.<\/p>\n\n\n\n<p>Seit Ende letzten Jahres denke ich dar\u00fcber nach, den Gro\u00dfteil der KrautPress-Inhalte auf regelm\u00e4\u00dfige Kolumnist*innen zu st\u00fctzen. Ich werde mit einer monatlichen Plugin-Review-Kolumne starten \u2013 \u00e4hnlich wie beim <a href=\"http:\/\/krautpress.de\/tag\/plugin-adventskalender\/\">Plugin-Adventskalender<\/a> im Dezember, aber viiiiel weniger stressig.<\/p>\n\n\n\n<p>Dar\u00fcber hinaus habe ich bereits eine weitere Person an Bord und viele Ideen f\u00fcr weitere Personen und Themen.<\/p>\n\n\n\n<h2 class=\"wp-block-heading\">Was ist die Motivation?<\/h2>\n\n\n\n<p>Nun, ich k\u00f6nnte es einfach sein lassen. Aber abgesehen von all dem Spa\u00df, den ich verpassen w\u00fcrde, glaube ich fest an den Wert unabh\u00e4ngiger WP-News- und Meinungsplattformen. In einem Internet voller Fehlinformationen, Hass und Kurzvideos brauchen wir einen Ort f\u00fcr Kreativit\u00e4t, Spa\u00df und das <em>Handwerk<\/em> des Website-Bauens.<\/p>\n\n\n\n<h2 class=\"wp-block-heading\">Wie geht es weiter?<\/h2>\n\n\n\n<p>Ende Januar <a href=\"https:\/\/dewp.space\/@simon\/113900382190698745\">habe ich nach<\/a> einigen Plugin-Ideen gefragt, um meine eigene Kolumne zu starten. Eine liebe Freundin hat einen ersten Entwurf f\u00fcr ihre Kolumne geschrieben, und ein weiterer Freund, <a href=\"https:\/\/notiz.blog\" data-type=\"link\" data-id=\"https:\/\/notiz.blog\">Matthias Pfefferle<\/a>, hat zugestimmt, mit mir ein experimentelles Livestream-Format auszuprobieren, bei dem wir uns mit dem IndieWeb und pers\u00f6nlichen Websites besch\u00e4ftigen. Am 26. Februar, geht es los. Die Einladung dazu <a href=\"https:\/\/krautpress.de\/2025\/erster-website-club\/\">gibt&#8217;s auf der KrautPress-Website<\/a>.<\/p>\n\n\n\n<p>Falls du Lust hast, ein WordPress- oder WordPress-nahes Thema in einer monatlichen Kolumne \u00fcber 6 oder 12 Monate zu behandeln, lass uns reden. \ud83d\ude42<\/p>\n\n\n\n<p>Bis dahin, gibt&#8217;s Inhalte von KrautPress \u2013 entweder auf der <a href=\"https:\/\/krautpress.de\/\">Website<\/a>, als <a href=\"https:\/\/presswerk.net\/\" data-type=\"link\" data-id=\"https:\/\/presswerk.net\/\">Podcast<\/a>, als <a href=\"https:\/\/wpletter.de\" data-type=\"link\" data-id=\"https:\/\/wpletter.de\">Newsletter<\/a> oder im <a href=\"https:\/\/dewp.space\/@krautpress\/\">Fediverse<\/a>. Wir versuchen wirklich gute Teilnehmer des Open-Webs zu sein.<\/p>\n","protected":false},"excerpt":{"rendered":"<p>Seit einiger Zeit denke ich dar\u00fcber nach, wie KrautPress sich ein wenig weiterentwickeln kann. Im Jahr 2016 habe ich ein eigenwilliges WordPress-Magazin namens KrautPress gestartet. Im Laufe der Jahre haben viele Menschen aus der Community daran mitgewirkt. Einige schrieben nur ein oder zwei Beitr\u00e4ge, andere waren super produktiv und produzierten hochwertige Inhalte am laufenden Band. [&hellip;]<\/p>\n","protected":false},"author":1,"featured_media":0,"comment_status":"open","ping_status":"open","sticky":false,"template":"","format":"standard","meta":{"wpf_show_in_dewp_planet_feed":true,"webmentions_disabled_pings":false,"webmentions_disabled":false,"footnotes":""},"categories":[1],"tags":[],"class_list":["post-6294","post","type-post","status-publish","format-standard","hentry","category-allgemein"],"_links":{"self":[{"href":"https:\/\/simon.blog\/de\/wp-json\/wp\/v2\/posts\/6294","targetHints":{"allow":["GET"]}}],"collection":[{"href":"https:\/\/simon.blog\/de\/wp-json\/wp\/v2\/posts"}],"about":[{"href":"https:\/\/simon.blog\/de\/wp-json\/wp\/v2\/types\/post"}],"author":[{"embeddable":true,"href":"https:\/\/simon.blog\/de\/wp-json\/wp\/v2\/users\/1"}],"replies":[{"embeddable":true,"href":"https:\/\/simon.blog\/de\/wp-json\/wp\/v2\/comments?post=6294"}],"version-history":[{"count":3,"href":"https:\/\/simon.blog\/de\/wp-json\/wp\/v2\/posts\/6294\/revisions"}],"predecessor-version":[{"id":6297,"href":"https:\/\/simon.blog\/de\/wp-json\/wp\/v2\/posts\/6294\/revisions\/6297"}],"wp:attachment":[{"href":"https:\/\/simon.blog\/de\/wp-json\/wp\/v2\/media?parent=6294"}],"wp:term":[{"taxonomy":"category","embeddable":true,"href":"https:\/\/simon.blog\/de\/wp-json\/wp\/v2\/categories?post=6294"},{"taxonomy":"post_tag","embeddable":true,"href":"https:\/\/simon.blog\/de\/wp-json\/wp\/v2\/tags?post=6294"}],"curies":[{"name":"wp","href":"https:\/\/api.w.org\/{rel}","templated":true}]}}